{"id":31,"date":"2020-12-17T17:33:27","date_gmt":"2020-12-17T17:33:27","guid":{"rendered":"https:\/\/www.kalei.cl\/?p=31"},"modified":"2024-07-23T08:56:30","modified_gmt":"2024-07-23T08:56:30","slug":"acelerante-f-s-del-solar","status":"publish","type":"post","link":"https:\/\/www.kalei.cl\/?p=31","title":{"rendered":"Acelerante &#8211; F. S. del Solar"},"content":{"rendered":"\n<p>Al amanecer, el mar de Valpara\u00edso escupe el cad\u00e1ver sin cara de una mujer y Cohen, periodista, cubre el hallazgo. Le ha pasado tantas veces en su carrera y, sin embargo, esta vez no puede desprenderse de esa imagen que, de un modo que no logra descifrar, cuestiona su masculinidad y su vida adulta. Como respondiendo a una invocaci\u00f3n, la respuesta le llega en forma de m\u00e1s cr\u00edmenes y muertes, y un grupo de conciudadanos con similares tribulaciones.<\/p>\n\n\n\n<p>Con ellos de la mano se interna en una nueva vida, \u00abm\u00e1s verdadera\u00bb, de la que al parecer no hay retorno.<\/p>\n\n\n\n<p>Pocas veces nos encontramos con una primera novela tan bien armada y con una atm\u00f3sfera de ineludible contingencia, donde no podemos evitar ser parte de un viaje hacia horrores que cre\u00edamos estaban en otra parte y no aqu\u00ed, ahora, toc\u00e1ndonos la puerta.<\/p>\n\n\n\n<p><strong><em>Acelerante<\/em><\/strong><\/p>\n\n\n\n<p>F. S. del Solar<\/p>\n\n\n\n<p>ISBN:<br>978-956-09572-1-4<\/p>\n\n\n<div class=\"wp-block-image is-resized\">\n<figure class=\"aligncenter size-medium\"><img loading=\"lazy\" decoding=\"async\" width=\"197\" height=\"300\" src=\"https:\/\/www.kalei.cl\/wp-content\/uploads\/2020\/12\/jolly_portada_muestra-01-197x300.jpg\" alt=\"\" class=\"wp-image-32\" srcset=\"https:\/\/www.kalei.cl\/wp-content\/uploads\/2020\/12\/jolly_portada_muestra-01-197x300.jpg 197w, https:\/\/www.kalei.cl\/wp-content\/uploads\/2020\/12\/jolly_portada_muestra-01.jpg 620w\" sizes=\"auto, (max-width: 197px) 100vw, 197px\" \/><\/figure>\n<\/div>\n\n\n<p>336 p\u00e1ginas, 10,5 x 16 cm<\/p>\n\n\n\n<p>A\u00f1o de publicaci\u00f3n: 2020<\/p>\n\n\n\n<p><\/p>\n\n\n\n<div class=\"wp-block-buttons is-content-justification-center is-layout-flex wp-container-core-buttons-is-layout-16018d1d wp-block-buttons-is-layout-flex\">\n<div class=\"wp-block-button\"><a class=\"wp-block-button__link wp-element-button\" href=\"https:\/\/www.kalei.cl\/wp-content\/uploads\/2020\/12\/acelerante_muestra.pdf\">descarga el primer cap\u00edtulo aqu\u00ed<\/a><\/div>\n<\/div>\n","protected":false},"excerpt":{"rendered":"<p>Al amanecer, el mar de Valpara\u00edso escupe el cad\u00e1ver sin cara de una mujer y Cohen, periodista, cubre el hallazgo.<\/p>\n<p><a href=\"https:\/\/www.kalei.cl\/?p=31\" class=\"more-link\">Seguir leyendo<span class=\"screen-reader-text\">Acelerante &#8211; F. S. del Solar<\/span><\/a><\/p>\n","protected":false},"author":1,"featured_media":32,"comment_status":"closed","ping_status":"closed","sticky":false,"template":"","format":"standard","meta":{"footnotes":""},"categories":[1],"tags":[],"class_list":["post-31","post","type-post","status-publish","format-standard","has-post-thumbnail","hentry","category-uncategorized"],"_links":{"self":[{"href":"https:\/\/www.kalei.cl\/index.php?rest_route=\/wp\/v2\/posts\/31","targetHints":{"allow":["GET"]}}],"collection":[{"href":"https:\/\/www.kalei.cl\/index.php?rest_route=\/wp\/v2\/posts"}],"about":[{"href":"https:\/\/www.kalei.cl\/index.php?rest_route=\/wp\/v2\/types\/post"}],"author":[{"embeddable":true,"href":"https:\/\/www.kalei.cl\/index.php?rest_route=\/wp\/v2\/users\/1"}],"replies":[{"embeddable":true,"href":"https:\/\/www.kalei.cl\/index.php?rest_route=%2Fwp%2Fv2%2Fcomments&post=31"}],"version-history":[{"count":7,"href":"https:\/\/www.kalei.cl\/index.php?rest_route=\/wp\/v2\/posts\/31\/revisions"}],"predecessor-version":[{"id":161,"href":"https:\/\/www.kalei.cl\/index.php?rest_route=\/wp\/v2\/posts\/31\/revisions\/161"}],"wp:featuredmedia":[{"embeddable":true,"href":"https:\/\/www.kalei.cl\/index.php?rest_route=\/wp\/v2\/media\/32"}],"wp:attachment":[{"href":"https:\/\/www.kalei.cl\/index.php?rest_route=%2Fwp%2Fv2%2Fmedia&parent=31"}],"wp:term":[{"taxonomy":"category","embeddable":true,"href":"https:\/\/www.kalei.cl\/index.php?rest_route=%2Fwp%2Fv2%2Fcategories&post=31"},{"taxonomy":"post_tag","embeddable":true,"href":"https:\/\/www.kalei.cl\/index.php?rest_route=%2Fwp%2Fv2%2Ftags&post=31"}],"curies":[{"name":"wp","href":"https:\/\/api.w.org\/{rel}","templated":true}]}}