{"id":46,"date":"2020-12-17T18:32:58","date_gmt":"2020-12-17T18:32:58","guid":{"rendered":"https:\/\/www.kalei.cl\/?p=46"},"modified":"2024-07-23T08:58:56","modified_gmt":"2024-07-23T08:58:56","slug":"el-pasajero-de-la-muerte-rene-vergara","status":"publish","type":"post","link":"https:\/\/www.kalei.cl\/?p=46","title":{"rendered":"El pasajero de la muerte &#8211; Ren\u00e9 Vergara"},"content":{"rendered":"\n<p>Se trata de la primera entrega de la colecci\u00f3n de relatos y novelas cortas de Ren\u00e9 Vergara, publicadas por primera vez en los a\u00f1os 50 y que como editorial estamos rescatando. En esta edici\u00f3n, adem\u00e1s, revivimos la est\u00e9tica de la prensa \u00abamarilla\u00bb de la \u00e9poca, con ilustraciones y publicidades originales rescatadas de peri\u00f3dicos y revistas.<\/p>\n\n\n\n<p>El fren\u00e9tico deseo de un joven taxista que persigue a la espectral figura que dio muerte a su padre; la pesquisa de un asesino inc\u00f3gnito en las profundidades de la \u00abCasa de Orates\u00bb, y donde el inspector Cort\u00e9s pone al l\u00edmite su cordura; los bajos deseos de un escritor enfrentado a la encrucijada de mantener oculto un secreto y el enfrentamiento entre un criminal y la polic\u00eda, al m\u00e1s puro estilo de Bonnie y Clyde, son algunas de las historias que Vergara compone con particular maestr\u00eda.<\/p>\n\n\n\n<p>Las calles de Santiago, los cerros de Valpara\u00edso y el balneario de Quintero sirven de escenario para estos diez textos donde el crimen tiene mucho de fantasmal, precario y honor\u00edfico, tal como resulta el trabajo de los detectives.<\/p>\n\n\n\n<blockquote class=\"wp-block-quote is-layout-flow wp-block-quote-is-layout-flow\">\n<p>\u00abRen\u00e9 Vergara es un pilar fundamental de la novela criminal chilena; un cl\u00e1sico que clamaba por un impulso editorial que reposicionara su obra para deleite de sus viejos y nuevos lectores\u00bb. Ram\u00f3n D\u00edaz Eterovic.<\/p>\n<\/blockquote>\n\n\n<div class=\"wp-block-image is-resized\">\n<figure class=\"aligncenter size-medium\"><img loading=\"lazy\" decoding=\"async\" width=\"195\" height=\"300\" src=\"https:\/\/www.kalei.cl\/wp-content\/uploads\/2020\/12\/pasajero2020_portada_muestra_2500px-195x300.jpg\" alt=\"\" class=\"wp-image-38\" style=\"object-fit:cover\" srcset=\"https:\/\/www.kalei.cl\/wp-content\/uploads\/2020\/12\/pasajero2020_portada_muestra_2500px-195x300.jpg 195w, https:\/\/www.kalei.cl\/wp-content\/uploads\/2020\/12\/pasajero2020_portada_muestra_2500px-666x1024.jpg 666w, https:\/\/www.kalei.cl\/wp-content\/uploads\/2020\/12\/pasajero2020_portada_muestra_2500px-768x1180.jpg 768w, https:\/\/www.kalei.cl\/wp-content\/uploads\/2020\/12\/pasajero2020_portada_muestra_2500px-1000x1536.jpg 1000w, https:\/\/www.kalei.cl\/wp-content\/uploads\/2020\/12\/pasajero2020_portada_muestra_2500px-1333x2048.jpg 1333w, https:\/\/www.kalei.cl\/wp-content\/uploads\/2020\/12\/pasajero2020_portada_muestra_2500px.jpg 1627w\" sizes=\"auto, (max-width: 195px) 100vw, 195px\" \/><\/figure>\n<\/div>\n\n\n<p><\/p>\n\n\n\n<p><strong><em>El pasajero de la muerte y otros relatos<\/em><\/strong><\/p>\n\n\n\n<p><strong>Ren\u00e9 Vergara<\/strong><\/p>\n\n\n\n<p><strong>ISBN 978-956-09572-0-7<\/strong><\/p>\n\n\n\n<p><strong>164 p\u00e1ginas, 14 x 21,5 cm<\/strong><\/p>\n\n\n\n<p><strong>Edici\u00f3n 2020<\/strong><\/p>\n\n\n\n<p><\/p>\n\n\n\n<div class=\"wp-block-buttons is-content-justification-center is-layout-flex wp-container-core-buttons-is-layout-16018d1d wp-block-buttons-is-layout-flex\">\n<div class=\"wp-block-button\"><a class=\"wp-block-button__link wp-element-button\" href=\"https:\/\/www.kalei.cl\/wp-content\/uploads\/2020\/12\/cuentos_pasajero_muestra.pdf\">descarga un cuento aqu\u00ed<\/a><\/div>\n<\/div>\n\n\n\n<p><\/p>\n","protected":false},"excerpt":{"rendered":"<p>Se trata de la primera entrega de la colecci\u00f3n de relatos y novelas cortas de Ren\u00e9 Vergara, publicadas por primera<\/p>\n<p><a href=\"https:\/\/www.kalei.cl\/?p=46\" class=\"more-link\">Seguir leyendo<span class=\"screen-reader-text\">El pasajero de la muerte &#8211; Ren\u00e9 Vergara<\/span><\/a><\/p>\n","protected":false},"author":1,"featured_media":0,"comment_status":"open","ping_status":"open","sticky":false,"template":"","format":"standard","meta":{"footnotes":""},"categories":[1],"tags":[],"class_list":["post-46","post","type-post","status-publish","format-standard","hentry","category-uncategorized"],"_links":{"self":[{"href":"https:\/\/www.kalei.cl\/index.php?rest_route=\/wp\/v2\/posts\/46","targetHints":{"allow":["GET"]}}],"collection":[{"href":"https:\/\/www.kalei.cl\/index.php?rest_route=\/wp\/v2\/posts"}],"about":[{"href":"https:\/\/www.kalei.cl\/index.php?rest_route=\/wp\/v2\/types\/post"}],"author":[{"embeddable":true,"href":"https:\/\/www.kalei.cl\/index.php?rest_route=\/wp\/v2\/users\/1"}],"replies":[{"embeddable":true,"href":"https:\/\/www.kalei.cl\/index.php?rest_route=%2Fwp%2Fv2%2Fcomments&post=46"}],"version-history":[{"count":7,"href":"https:\/\/www.kalei.cl\/index.php?rest_route=\/wp\/v2\/posts\/46\/revisions"}],"predecessor-version":[{"id":164,"href":"https:\/\/www.kalei.cl\/index.php?rest_route=\/wp\/v2\/posts\/46\/revisions\/164"}],"wp:attachment":[{"href":"https:\/\/www.kalei.cl\/index.php?rest_route=%2Fwp%2Fv2%2Fmedia&parent=46"}],"wp:term":[{"taxonomy":"category","embeddable":true,"href":"https:\/\/www.kalei.cl\/index.php?rest_route=%2Fwp%2Fv2%2Fcategories&post=46"},{"taxonomy":"post_tag","embeddable":true,"href":"https:\/\/www.kalei.cl\/index.php?rest_route=%2Fwp%2Fv2%2Ftags&post=46"}],"curies":[{"name":"wp","href":"https:\/\/api.w.org\/{rel}","templated":true}]}}