{"id":59,"date":"2020-12-17T19:53:46","date_gmt":"2020-12-17T19:53:46","guid":{"rendered":"https:\/\/www.kalei.cl\/?p=59"},"modified":"2024-07-23T08:57:13","modified_gmt":"2024-07-23T08:57:13","slug":"la-otra-cara-del-crimen-el-caso-de-alicia-bon","status":"publish","type":"post","link":"https:\/\/www.kalei.cl\/?p=59","title":{"rendered":"La otra cara del crimen, el caso de Alicia Bon"},"content":{"rendered":"\n<p>Un recordado caso criminal ocurrido en los a\u00f1os 40: la joven Alicia Bon muere de un disparo al interior del auto de su pretendiente, el doctor Guy Pelissier, de quien la polic\u00eda sospecha. \u00c9l se defiende y con furia reclama inocencia.<\/p>\n\n\n\n<p>Para reconstruir la historia, el autor enumera pruebas cient\u00edficas, describe la ciudad con prodigiosa memoria e imagina los di\u00e1logos de polic\u00edas, v\u00edctimas y victimarios. \u00bfQui\u00e9n, c\u00f3mo y por qu\u00e9 la asesin\u00f3? Los peri\u00f3dicos de la \u00e9poca siguieron paso a paso el hecho, uno que el autor recuerda aqu\u00ed con riguroso detalle.<\/p>\n\n\n\n<blockquote class=\"wp-block-quote is-layout-flow wp-block-quote-is-layout-flow\">\n<p>\u00abEl gran aporte de Ren\u00e9 Vergara a nuestra narrativa es la naturalizaci\u00f3n o adaptaci\u00f3n a la realidad chilena del g\u00e9nero policial [&#8230;] Desaparece la inocencia en la narrativa criminal chilena\u00bb. Ram\u00f3n D\u00edaz Eterovic.<\/p>\n<\/blockquote>\n\n\n<div class=\"wp-block-image\">\n<figure class=\"aligncenter size-medium\"><img loading=\"lazy\" decoding=\"async\" width=\"194\" height=\"300\" src=\"https:\/\/www.kalei.cl\/wp-content\/uploads\/2020\/12\/kalei_bon_muestra_portada_60-1-194x300.jpg\" alt=\"\" class=\"wp-image-60\" srcset=\"https:\/\/www.kalei.cl\/wp-content\/uploads\/2020\/12\/kalei_bon_muestra_portada_60-1-194x300.jpg 194w, https:\/\/www.kalei.cl\/wp-content\/uploads\/2020\/12\/kalei_bon_muestra_portada_60-1.jpg 390w\" sizes=\"auto, (max-width: 194px) 100vw, 194px\" \/><\/figure>\n<\/div>\n\n\n<p><strong><em>La otra cara del crimen<\/em><\/strong><\/p>\n\n\n\n<p><strong>Ren\u00e9 Vergara<\/strong><\/p>\n\n\n\n<p><strong>ISBN: 978-956-09248-0-3<\/strong><\/p>\n\n\n\n<p><strong>174 p\u00e1ginas, 11 x 17 cm<\/strong><\/p>\n\n\n\n<p><strong>A\u00f1o de publicaci\u00f3n: 2018<\/strong><\/p>\n\n\n\n<p><\/p>\n\n\n\n<div class=\"wp-block-buttons is-content-justification-center is-layout-flex wp-container-core-buttons-is-layout-16018d1d wp-block-buttons-is-layout-flex\">\n<div class=\"wp-block-button\"><a class=\"wp-block-button__link wp-element-button\" href=\"https:\/\/www.kalei.cl\/wp-content\/uploads\/2020\/12\/bon_muestra.pdf\">descarga un fragmento aqu\u00ed<\/a><\/div>\n<\/div>\n\n\n\n<p><\/p>\n","protected":false},"excerpt":{"rendered":"<p>Un recordado caso criminal ocurrido en los a\u00f1os 40: la joven Alicia Bon muere de un disparo al interior del<\/p>\n<p><a href=\"https:\/\/www.kalei.cl\/?p=59\" class=\"more-link\">Seguir leyendo<span class=\"screen-reader-text\">La otra cara del crimen, el caso de Alicia Bon<\/span><\/a><\/p>\n","protected":false},"author":1,"featured_media":0,"comment_status":"closed","ping_status":"closed","sticky":false,"template":"","format":"standard","meta":{"footnotes":""},"categories":[1],"tags":[],"class_list":["post-59","post","type-post","status-publish","format-standard","hentry","category-uncategorized"],"_links":{"self":[{"href":"https:\/\/www.kalei.cl\/index.php?rest_route=\/wp\/v2\/posts\/59","targetHints":{"allow":["GET"]}}],"collection":[{"href":"https:\/\/www.kalei.cl\/index.php?rest_route=\/wp\/v2\/posts"}],"about":[{"href":"https:\/\/www.kalei.cl\/index.php?rest_route=\/wp\/v2\/types\/post"}],"author":[{"embeddable":true,"href":"https:\/\/www.kalei.cl\/index.php?rest_route=\/wp\/v2\/users\/1"}],"replies":[{"embeddable":true,"href":"https:\/\/www.kalei.cl\/index.php?rest_route=%2Fwp%2Fv2%2Fcomments&post=59"}],"version-history":[{"count":4,"href":"https:\/\/www.kalei.cl\/index.php?rest_route=\/wp\/v2\/posts\/59\/revisions"}],"predecessor-version":[{"id":162,"href":"https:\/\/www.kalei.cl\/index.php?rest_route=\/wp\/v2\/posts\/59\/revisions\/162"}],"wp:attachment":[{"href":"https:\/\/www.kalei.cl\/index.php?rest_route=%2Fwp%2Fv2%2Fmedia&parent=59"}],"wp:term":[{"taxonomy":"category","embeddable":true,"href":"https:\/\/www.kalei.cl\/index.php?rest_route=%2Fwp%2Fv2%2Fcategories&post=59"},{"taxonomy":"post_tag","embeddable":true,"href":"https:\/\/www.kalei.cl\/index.php?rest_route=%2Fwp%2Fv2%2Ftags&post=59"}],"curies":[{"name":"wp","href":"https:\/\/api.w.org\/{rel}","templated":true}]}}